{"id":5221,"date":"2025-03-31T13:24:51","date_gmt":"2025-03-31T11:24:51","guid":{"rendered":"https:\/\/gtyabogados.com\/?p=5221"},"modified":"2025-03-31T16:49:21","modified_gmt":"2025-03-31T14:49:21","slug":"information-breakfast-civil-procedure-code-the-appropriate-dispute-resolution-mechanisms-adr","status":"publish","type":"post","link":"https:\/\/gtyabogados.com\/en\/information-breakfast-civil-procedure-code-the-appropriate-dispute-resolution-mechanisms-adr\/","title":{"rendered":"\u2022 Information Breakfast \u2022 Civil Procedure Code. The appropriate dispute resolution mechanisms (ADR)"},"content":{"rendered":"<p><span style=\"color: #333333;\">On Wednesday 26 March, <strong>Gim\u00e9nez Torres Abogados<\/strong> held an <strong>information breakfast<\/strong> for its clients, in which <strong>Ignacio Guill\u00e9n Gonz\u00e1lez<\/strong>, <strong>Managing Partner of the Litigation and Arbitration Department<\/strong>, participated as a speaker.<\/span><\/p>\n<p><span style=\"color: #333333;\">The session focused on the recent amendment to the <strong>Civil Procedure Code<\/strong> and, in particular, the obligation, as a procedural requirement, to try to reach an agreement before resorting to judicial proceedings, through one of <strong>the appropriate dispute resolution mechanisms (ADR<\/strong>) established by Organic Law 1\/2025, which will enter into force for these purposes on 3 April 2025.<\/span><\/p>\n<p><span style=\"color: #333333;\">The event, which ended with a lively and interesting discussion, was attended by around 60 participants, both in person and via teleconference. <strong>Gim\u00e9nez Torres Abogados<\/strong> would like to thank everyone for the excellent reception and the interest shown in the event.<\/span><\/p>\n<p><a href=\"https:\/\/gtyabogados.com\/wp-content\/uploads\/2025\/03\/DESAYUNO_INFORMATIVO_MARZO_2025.pdf\"><img loading=\"lazy\" decoding=\"async\" class=\"alignnone size-full wp-image-5229\" src=\"https:\/\/gtyabogados.com\/wp-content\/uploads\/2025\/03\/portada-desayuno.jpg\" alt=\"\" width=\"200\" height=\"282\" \/><\/a><\/p>\n<p><a href=\"https:\/\/gtyabogados.com\/wp-content\/uploads\/2025\/03\/DESAYUNO_INFORMATIVO_MARZO_2025.pdf\">Download brochure (PDF)<\/a><\/p>\n","protected":false},"excerpt":{"rendered":"<p>On Wednesday 26 March, Gim\u00e9nez Torres Abogados held an information breakfast for its clients, in which Ignacio Guill\u00e9n Gonz\u00e1lez, Managing Partner of the Litigation and Arbitration Department, participated as a speaker. The session focused on the recent amendment to the Civil Procedure Code and, in particular, the obligation, as a procedural requirement, to try to [&hellip;]<\/p>\n","protected":false},"author":1,"featured_media":5222,"comment_status":"closed","ping_status":"closed","sticky":false,"template":"","format":"standard","meta":{"footnotes":""},"categories":[74],"tags":[],"class_list":["post-5221","post","type-post","status-publish","format-standard","has-post-thumbnail","hentry","category-gimenez-torres-abogados-en"],"_links":{"self":[{"href":"https:\/\/gtyabogados.com\/en\/wp-json\/wp\/v2\/posts\/5221","targetHints":{"allow":["GET"]}}],"collection":[{"href":"https:\/\/gtyabogados.com\/en\/wp-json\/wp\/v2\/posts"}],"about":[{"href":"https:\/\/gtyabogados.com\/en\/wp-json\/wp\/v2\/types\/post"}],"author":[{"embeddable":true,"href":"https:\/\/gtyabogados.com\/en\/wp-json\/wp\/v2\/users\/1"}],"replies":[{"embeddable":true,"href":"https:\/\/gtyabogados.com\/en\/wp-json\/wp\/v2\/comments?post=5221"}],"version-history":[{"count":3,"href":"https:\/\/gtyabogados.com\/en\/wp-json\/wp\/v2\/posts\/5221\/revisions"}],"predecessor-version":[{"id":5231,"href":"https:\/\/gtyabogados.com\/en\/wp-json\/wp\/v2\/posts\/5221\/revisions\/5231"}],"wp:featuredmedia":[{"embeddable":true,"href":"https:\/\/gtyabogados.com\/en\/wp-json\/wp\/v2\/media\/5222"}],"wp:attachment":[{"href":"https:\/\/gtyabogados.com\/en\/wp-json\/wp\/v2\/media?parent=5221"}],"wp:term":[{"taxonomy":"category","embeddable":true,"href":"https:\/\/gtyabogados.com\/en\/wp-json\/wp\/v2\/categories?post=5221"},{"taxonomy":"post_tag","embeddable":true,"href":"https:\/\/gtyabogados.com\/en\/wp-json\/wp\/v2\/tags?post=5221"}],"curies":[{"name":"wp","href":"https:\/\/api.w.org\/{rel}","templated":true}]}}