{"id":5459,"date":"2025-11-14T12:43:36","date_gmt":"2025-11-14T11:43:36","guid":{"rendered":"https:\/\/gtyabogados.com\/?p=5459"},"modified":"2025-11-14T12:44:49","modified_gmt":"2025-11-14T11:44:49","slug":"three-partners-of-the-firm-recognized-in-the-2026-edition-of-the-best-lawyers-in-spain","status":"publish","type":"post","link":"https:\/\/gtyabogados.com\/en\/three-partners-of-the-firm-recognized-in-the-2026-edition-of-the-best-lawyers-in-spain\/","title":{"rendered":"Three partners of the firm recognized in the 2026 edition of The Best Lawyers in Spain"},"content":{"rendered":"<p><span style=\"color: #333333;\"><b>We are proud to announce<\/b> that three of our partners have been recognized in the <b>2026 edition of The Best Lawyers in Spain<\/b>, a leading international benchmark in the legal sector.<\/span><\/p>\n<p>Real Estate Law:<\/p>\n<ul>\n<li><span style=\"color: #333333;\"><b>Enrique Guti\u00e9rrez de T\u00e9ran<\/b> (since 2024)<br \/>\n<\/span><\/li>\n<li><span style=\"color: #333333;\"><b>Mar\u00eda Cruz Gim\u00e9nez Guitard<\/b> (since 2024)<br \/>\n<\/span><\/li>\n<\/ul>\n<p><span style=\"color: #333333;\">Litigation:<br \/>\n<\/span><\/p>\n<ul>\n<li><span style=\"color: #333333;\"><b>Ignacio Guill\u00e9n Gonz\u00e1lez<\/b> (since 2025)<br \/>\n<\/span><\/li>\n<\/ul>\n<p><span style=\"color: #333333;\">We maintain our recognition for another year in our <b>Real Estate<\/b> and <b>Litigation<\/b> practices, reaffirming our commitment to quality, technical excellence, and personalized attention<\/span><\/p>\n<hr \/>\n<p>References:<\/p>\n<p><span style=\"font-size: 12pt;\"><a href=\"https:\/\/www.bestlawyers.com\/lawyers\/enrique-gutierrez-de-teran\/320036\"><em>The Best Lawyers in Spain 2026 &#8211; Enrique<\/em><\/a><\/span><br \/>\n<span style=\"font-size: 12pt;\"><a href=\"https:\/\/www.bestlawyers.com\/lawyers\/maria-cruz-gimenez-guitard\/320035\"><em>The Best Lawyers in Spain 2026 &#8211; Mar\u00eda Cruz<\/em><\/a><\/span><br \/>\n<span style=\"font-size: 12pt;\"><a href=\"https:\/\/www.bestlawyers.com\/lawyers\/ignacio-guillen-gonzalez\/320037\"><em>The Best Lawyers in Spain 2026 &#8211; Ignacio<\/em><\/a><\/span><\/p>\n","protected":false},"excerpt":{"rendered":"<p>We are proud to announce that three of our partners have been recognized in the 2026 edition of The Best Lawyers in Spain, a leading international benchmark in the legal sector. Real Estate Law: Enrique Guti\u00e9rrez de T\u00e9ran (since 2024) Mar\u00eda Cruz Gim\u00e9nez Guitard (since 2024) Litigation: Ignacio Guill\u00e9n Gonz\u00e1lez (since 2025) We maintain our [&hellip;]<\/p>\n","protected":false},"author":1,"featured_media":5457,"comment_status":"closed","ping_status":"closed","sticky":false,"template":"","format":"standard","meta":{"footnotes":""},"categories":[68,74],"tags":[],"class_list":["post-5459","post","type-post","status-publish","format-standard","has-post-thumbnail","hentry","category-news","category-gimenez-torres-abogados-en"],"_links":{"self":[{"href":"https:\/\/gtyabogados.com\/en\/wp-json\/wp\/v2\/posts\/5459","targetHints":{"allow":["GET"]}}],"collection":[{"href":"https:\/\/gtyabogados.com\/en\/wp-json\/wp\/v2\/posts"}],"about":[{"href":"https:\/\/gtyabogados.com\/en\/wp-json\/wp\/v2\/types\/post"}],"author":[{"embeddable":true,"href":"https:\/\/gtyabogados.com\/en\/wp-json\/wp\/v2\/users\/1"}],"replies":[{"embeddable":true,"href":"https:\/\/gtyabogados.com\/en\/wp-json\/wp\/v2\/comments?post=5459"}],"version-history":[{"count":4,"href":"https:\/\/gtyabogados.com\/en\/wp-json\/wp\/v2\/posts\/5459\/revisions"}],"predecessor-version":[{"id":5464,"href":"https:\/\/gtyabogados.com\/en\/wp-json\/wp\/v2\/posts\/5459\/revisions\/5464"}],"wp:featuredmedia":[{"embeddable":true,"href":"https:\/\/gtyabogados.com\/en\/wp-json\/wp\/v2\/media\/5457"}],"wp:attachment":[{"href":"https:\/\/gtyabogados.com\/en\/wp-json\/wp\/v2\/media?parent=5459"}],"wp:term":[{"taxonomy":"category","embeddable":true,"href":"https:\/\/gtyabogados.com\/en\/wp-json\/wp\/v2\/categories?post=5459"},{"taxonomy":"post_tag","embeddable":true,"href":"https:\/\/gtyabogados.com\/en\/wp-json\/wp\/v2\/tags?post=5459"}],"curies":[{"name":"wp","href":"https:\/\/api.w.org\/{rel}","templated":true}]}}