{"id":5659,"date":"2026-03-19T17:23:09","date_gmt":"2026-03-19T16:23:09","guid":{"rendered":"https:\/\/gtyabogados.com\/?p=5659"},"modified":"2026-03-19T17:23:09","modified_gmt":"2026-03-19T16:23:09","slug":"chambers-and-partners-europe-guide-2026-has-ranked-gimenez-torres-abogados-as-a-leading-firm-in-litigation","status":"publish","type":"post","link":"https:\/\/gtyabogados.com\/en\/chambers-and-partners-europe-guide-2026-has-ranked-gimenez-torres-abogados-as-a-leading-firm-in-litigation\/","title":{"rendered":"Chambers and Partners Europe Guide 2026 has ranked Gim\u00e9nez Torres Abogados as a Leading Firm in \u00a0Litigation"},"content":{"rendered":"<p><span style=\"color: #333333;\">We are proud to announce that the <a href=\"https:\/\/uk.linkedin.com\/company\/chambers-and-partners?trk=public_post-text\"><b>Chambers and Partners<\/b><\/a> <b>Europe Guide 2026<\/b> has ranked <b>Gim\u00e9nez Torres Abogados<\/b> as a Leading Firm in \u00a0<b>Litigation<\/b> (with its head, <b>Ignacio Guill\u00e9n Gonz\u00e1lez<\/b>, as Leading Individual) and also has recognized the practice of <b>Real Estate<\/b> (with its head, <b>Enrique Guti\u00e9rrez de Ter\u00e1n<\/b>, as Leading Individual).<br \/>\n<\/span><\/p>\n<p><span style=\"color: #333333;\">The annual guide ranks law firms and individuals based on independent research conducted by Chambers researchers. This distinction is reserved for a very small number of lawyers in each jurisdiction, which further underscores its relevance in the international market.<br \/>\n<\/span><\/p>\n<p><span style=\"color: #333333;\">Congratulations to our lawyers recognized by <b>Chambers Europe Guide 2026<\/b>:<br \/>\n<b>Ignacio Guill\u00e9n Gonz\u00e1lez<\/b> \u2013 Litigation (also ranked in the Global Guide 2026)<br \/>\n<b>Enrique Guti\u00e9rrez de Ter\u00e1n<\/b> \u2013 Real Estate<\/span><\/p>\n<p><span style=\"color: #333333;\">More information:<br \/>\n<a href=\"https:\/\/chambers.com\/legal-rankings\/real-estate-spain-7:11:194:1?l=en-GB\" target=\"_blank\" rel=\"noopener\">https:\/\/chambers.com\/legal-rankings\/real-estate-spain-7:11:194:1?l=en-GB<\/a><br \/>\n<a href=\"https:\/\/chambers.com\/legal-rankings\/litigation-highly-regarded-spain-7:2491:194:1?l=en-GB\" target=\"_blank\" rel=\"noopener\">https:\/\/chambers.com\/legal-rankings\/litigation-highly-regarded-spain-7:2491:194:1?l=en-GB<\/a><\/span><\/p>\n","protected":false},"excerpt":{"rendered":"<p>We are proud to announce that the Chambers and Partners Europe Guide 2026 has ranked Gim\u00e9nez Torres Abogados as a Leading Firm in \u00a0Litigation (with its head, Ignacio Guill\u00e9n Gonz\u00e1lez, as Leading Individual) and also has recognized the practice of Real Estate (with its head, Enrique Guti\u00e9rrez de Ter\u00e1n, as Leading Individual). The annual guide [&hellip;]<\/p>\n","protected":false},"author":1,"featured_media":5656,"comment_status":"closed","ping_status":"closed","sticky":false,"template":"","format":"standard","meta":{"footnotes":""},"categories":[47],"tags":[],"class_list":["post-5659","post","type-post","status-publish","format-standard","has-post-thumbnail","hentry","category-uncategorized"],"_links":{"self":[{"href":"https:\/\/gtyabogados.com\/en\/wp-json\/wp\/v2\/posts\/5659","targetHints":{"allow":["GET"]}}],"collection":[{"href":"https:\/\/gtyabogados.com\/en\/wp-json\/wp\/v2\/posts"}],"about":[{"href":"https:\/\/gtyabogados.com\/en\/wp-json\/wp\/v2\/types\/post"}],"author":[{"embeddable":true,"href":"https:\/\/gtyabogados.com\/en\/wp-json\/wp\/v2\/users\/1"}],"replies":[{"embeddable":true,"href":"https:\/\/gtyabogados.com\/en\/wp-json\/wp\/v2\/comments?post=5659"}],"version-history":[{"count":2,"href":"https:\/\/gtyabogados.com\/en\/wp-json\/wp\/v2\/posts\/5659\/revisions"}],"predecessor-version":[{"id":5661,"href":"https:\/\/gtyabogados.com\/en\/wp-json\/wp\/v2\/posts\/5659\/revisions\/5661"}],"wp:featuredmedia":[{"embeddable":true,"href":"https:\/\/gtyabogados.com\/en\/wp-json\/wp\/v2\/media\/5656"}],"wp:attachment":[{"href":"https:\/\/gtyabogados.com\/en\/wp-json\/wp\/v2\/media?parent=5659"}],"wp:term":[{"taxonomy":"category","embeddable":true,"href":"https:\/\/gtyabogados.com\/en\/wp-json\/wp\/v2\/categories?post=5659"},{"taxonomy":"post_tag","embeddable":true,"href":"https:\/\/gtyabogados.com\/en\/wp-json\/wp\/v2\/tags?post=5659"}],"curies":[{"name":"wp","href":"https:\/\/api.w.org\/{rel}","templated":true}]}}